{"id":31634,"date":"2026-08-27T11:16:30","date_gmt":"2026-08-27T09:16:30","guid":{"rendered":"https:\/\/cognac-raby.com\/?p=31634"},"modified":"2026-08-27T11:17:42","modified_gmt":"2026-08-27T09:17:42","slug":"saint-remy-de-sille-wine-gastronomy-fair-2026","status":"publish","type":"post","link":"https:\/\/cognac-raby.com\/en\/saint-remy-de-sille-wine-gastronomy-fair-2026\/","title":{"rendered":"G &#038; C RABY at the 10th Saint-R\u00e9my-de-Sill\u00e9 Wine and Gastronomy Fair 2026"},"content":{"rendered":"<h1>G &amp; C RABY at the 10th Saint-R\u00e9my-de-Sill\u00e9 Wine and Gastronomy Fair 2026<\/h1>\n<p>On Saturday, October 31 and Sunday, November 1, 2026, Maison G &amp; C RABY will take part in the 10th Salon des Vins et de la Gastronomie de Saint-R\u00e9my-de-Sill\u00e9, the Wine and Gastronomy Fair held in Saint-R\u00e9my-de-Sill\u00e9, in the Sarthe department of France.<\/p>\n<p>For this 10th edition, winegrowers, producers and artisans will come together in Saint-R\u00e9my-de-Sill\u00e9 for a weekend dedicated to wine, gastronomy, regional products and meeting the people behind them.<\/p>\n<p>A regular exhibitor at this event since 2015, Maison G &amp; C RABY will once again be there to introduce visitors to its Grande Champagne Cognacs, Pineau des Charentes, craft liqueurs, wines and other products made at our family estate in Segonzac.<\/p>\n<p><img fetchpriority=\"high\" decoding=\"async\" class=\"alignnone size-full wp-image-31301\" src=\"https:\/\/cognac-raby.com\/wp-content\/uploads\/2026\/02\/Banniere-page-categorie-Vins.png\" alt=\"Banni\u00e8re page cat\u00e9gorie Vins\" width=\"2560\" height=\"650\" srcset=\"https:\/\/cognac-raby.com\/wp-content\/uploads\/2026\/02\/Banniere-page-categorie-Vins.png 2560w, https:\/\/cognac-raby.com\/wp-content\/uploads\/2026\/02\/Banniere-page-categorie-Vins-768x195.png 768w, https:\/\/cognac-raby.com\/wp-content\/uploads\/2026\/02\/Banniere-page-categorie-Vins-1536x390.png 1536w, https:\/\/cognac-raby.com\/wp-content\/uploads\/2026\/02\/Banniere-page-categorie-Vins-2048x520.png 2048w, https:\/\/cognac-raby.com\/wp-content\/uploads\/2026\/02\/Banniere-page-categorie-Vins-640x163.png 640w, https:\/\/cognac-raby.com\/wp-content\/uploads\/2026\/02\/Banniere-page-categorie-Vins-400x102.png 400w, https:\/\/cognac-raby.com\/wp-content\/uploads\/2026\/02\/Banniere-page-categorie-Vins-600x152.png 600w\" sizes=\"(max-width: 2560px) 100vw, 2560px\" \/><\/p>\n<h2>Discover our Grande Champagne Cognacs in Saint-R\u00e9my-de-Sill\u00e9<\/h2>\n<p>During the 10th Saint-R\u00e9my-de-Sill\u00e9 Wine and Gastronomy Fair, our team will be delighted to welcome you to our stand and introduce you to our family estate.<\/p>\n<p>Located in Segonzac, in the heart of Grande Champagne, the Premier Cru of the Cognac appellation, the RABY family has cultivated its own vineyards since 1884.<\/p>\n<p>Today, the fifth generation continues this family tradition and oversees the different stages involved in crafting our products, from growing the grapes to bottling.<\/p>\n<p>At our stand, you will have the opportunity to discover and taste:<\/p>\n<ul>\n<li><a href=\"https:\/\/cognac-raby.com\/en\/boutique\/cognacs-en\/cognac-vs\/\">Grande Champagne Cognac VS<\/a><\/li>\n<li><a href=\"https:\/\/cognac-raby.com\/en\/boutique\/cognacs-en\/cognac-vsop\/\">Grande Champagne Cognac VSOP<\/a><\/li>\n<li><a href=\"https:\/\/cognac-raby.com\/en\/boutique\/cognacs-en\/cognac-xo\/\">Grande Champagne Cognac XO<\/a><\/li>\n<li><a href=\"https:\/\/cognac-raby.com\/en\/boutique\/cognacs-en\/cognac-extra\/\">Grande Champagne Cognac EXTRA<\/a><\/li>\n<li><a href=\"https:\/\/cognac-raby.com\/en\/pineau-des-charentes\/\">Pineau des Charentes<\/a><\/li>\n<li><a href=\"https:\/\/cognac-raby.com\/en\/?page_id=31340\">Craft liqueurs<\/a><\/li>\n<li><a href=\"https:\/\/cognac-raby.com\/en\/wine\/\">Wines from our estate<\/a><\/li>\n<li><a href=\"https:\/\/cognac-raby.com\/en\/boutique\/juices\/sparkling-white-grape-juice\/\">Grape juice<\/a><\/li>\n<\/ul>\n<p>Throughout the weekend, our team will also be available to tell you more about our work as winegrowers and distillers, our Grande Champagne terroir and the different stages involved in producing and ageing our Cognacs.<\/p>\n<h2>G &amp; C RABY: a regular exhibitor in Saint-R\u00e9my-de-Sill\u00e9 since 2015<\/h2>\n<p>The 10th edition of the Saint-R\u00e9my-de-Sill\u00e9 Wine and Gastronomy Fair is a special event for Maison G &amp; C RABY.<\/p>\n<p>Having attended the fair since 2015, we are always delighted to meet returning visitors, loyal customers and enthusiasts who come to discover authentic products and meet the producers behind them.<\/p>\n<p>For our family estate, these events are about much more than simply presenting our Cognacs, Pineau des Charentes, wines and liqueurs. They give us the opportunity to meet our customers directly and take the time to share our story.<\/p>\n<p>It is a chance to talk about our family history, our work as producers, our Grande Champagne terroir and our passion for Cognac.<\/p>\n<p>This direct relationship with our customers and visitors is an essential part of the identity of Maison G &amp; C RABY.<\/p>\n<h2>The 10th Saint-R\u00e9my-de-Sill\u00e9 Wine and Gastronomy Fair<\/h2>\n<p>Organised by the Saint-R\u00e9my-de-Sill\u00e9 Events Committee, the Salon des Vins et de la Gastronomie celebrates its 10th edition in 2026.<\/p>\n<p>Over the years, this event has become a popular meeting place for wine, gastronomy and regional food enthusiasts in the Sarthe region.<\/p>\n<p>Winegrowers, producers and artisans from different regions offer visitors the opportunity to discover a wide variety of products, terroirs and traditional expertise.<\/p>\n<p>Taking place just a few weeks before the festive season, the fair is also an excellent opportunity to meet producers directly, taste their products and find wines, spirits and gourmet specialities to enjoy with family and friends or give as gifts.<\/p>\n<h2>Practical information<\/h2>\n<p><strong>10th Salon des Vins et de la Gastronomie de Saint-R\u00e9my-de-Sill\u00e9<\/strong><\/p>\n<p>72140 Saint-R\u00e9my-de-Sill\u00e9<br \/>\nSarthe \u2013 Pays de la Loire<br \/>\nFrance<\/p>\n<p><strong>Dates and opening hours:<\/strong><\/p>\n<ul>\n<li>Saturday, October 31, 2026: 10:00 am \u2013 7:00 pm<\/li>\n<li>Sunday, November 1, 2026: 10:00 am \u2013 5:00 pm<\/li>\n<\/ul>\n<p>You can also find information about the event on the <a href=\"https:\/\/www.animation-saintremydesille.fr\/\">Saint-R\u00e9my-de-Sill\u00e9 Events Committee website<\/a>.<\/p>\n<h2>Meet G &amp; C RABY in Saint-R\u00e9my-de-Sill\u00e9<\/h2>\n<p>Are you a fan of <a href=\"https:\/\/cognac-raby.com\/en\/?page_id=31332\">Grande Champagne Cognac<\/a>, Pineau des Charentes, wine or simply looking to discover authentic French products?<\/p>\n<p>Make the most of your visit to the 10th Saint-R\u00e9my-de-Sill\u00e9 Wine and Gastronomy Fair and come and meet Maison G &amp; C RABY to discover the expertise of our family-run estate in the Cognac region.<\/p>\n<p>Whether you already know our products or are discovering them for the first time, we will be delighted to welcome you to our stand, offer you a tasting and help you discover our different Cognacs and other products.<\/p>\n<p>Join us on Saturday, October 31 from 10:00 am to 7:00 pm and Sunday, November 1 from 10:00 am to 5:00 pm in Saint-R\u00e9my-de-Sill\u00e9!<\/p>\n<p>We look forward to welcoming you and celebrating the 10th edition of the Wine and Gastronomy Fair together.<\/p>\n<figure id=\"attachment_31252\" aria-describedby=\"caption-attachment-31252\" style=\"width: 2560px\" class=\"wp-caption alignnone\"><img decoding=\"async\" class=\"size-full wp-image-31252\" src=\"https:\/\/cognac-raby.com\/wp-content\/uploads\/2026\/02\/Banniere-page-categorie-Cognac-.png\" alt=\"Banni\u00e8re page cat\u00e9gorie Cognac\" width=\"2560\" height=\"650\" srcset=\"https:\/\/cognac-raby.com\/wp-content\/uploads\/2026\/02\/Banniere-page-categorie-Cognac-.png 2560w, https:\/\/cognac-raby.com\/wp-content\/uploads\/2026\/02\/Banniere-page-categorie-Cognac--768x195.png 768w, https:\/\/cognac-raby.com\/wp-content\/uploads\/2026\/02\/Banniere-page-categorie-Cognac--1536x390.png 1536w, https:\/\/cognac-raby.com\/wp-content\/uploads\/2026\/02\/Banniere-page-categorie-Cognac--2048x520.png 2048w, https:\/\/cognac-raby.com\/wp-content\/uploads\/2026\/02\/Banniere-page-categorie-Cognac--640x163.png 640w, https:\/\/cognac-raby.com\/wp-content\/uploads\/2026\/02\/Banniere-page-categorie-Cognac--400x102.png 400w, https:\/\/cognac-raby.com\/wp-content\/uploads\/2026\/02\/Banniere-page-categorie-Cognac--600x152.png 600w\" sizes=\"(max-width: 2560px) 100vw, 2560px\" \/><figcaption id=\"caption-attachment-31252\" class=\"wp-caption-text\">Banni\u00e8re page cat\u00e9gorie Cognac<\/figcaption><\/figure>\n","protected":false},"excerpt":{"rendered":"<p>G &amp; C RABY at the 10th Saint-R\u00e9my-de-Sill\u00e9 Wine and Gastronomy Fair 2026 On Saturday, October 31 and Sunday, November 1, 2026, Maison G &amp; C RABY will take part in the 10th Salon des Vins et de la Gastronomie de Saint-R\u00e9my-de-Sill\u00e9, the Wine and Gastronomy Fair held in Saint-R\u00e9my-de-Sill\u00e9, in the Sarthe department of [&hellip;]<\/p>\n","protected":false},"author":3,"featured_media":31285,"comment_status":"open","ping_status":"open","sticky":false,"template":"","format":"standard","meta":{"om_disable_all_campaigns":false,"_monsterinsights_skip_tracking":false,"footnotes":""},"categories":[106],"tags":[],"class_list":["post-31634","post","type-post","status-publish","format-standard","has-post-thumbnail","hentry","category-uncategorized"],"aioseo_notices":[],"featured_image_src":{"landsacpe":["https:\/\/cognac-raby.com\/wp-content\/uploads\/2021\/04\/Liqueur-Orange-Cerise-Piment-500x445.png",500,445,true],"list":["https:\/\/cognac-raby.com\/wp-content\/uploads\/2021\/04\/Liqueur-Orange-Cerise-Piment-463x348.png",463,348,true],"medium":["https:\/\/cognac-raby.com\/wp-content\/uploads\/2021\/04\/Liqueur-Orange-Cerise-Piment.png",500,500,false],"full":["https:\/\/cognac-raby.com\/wp-content\/uploads\/2021\/04\/Liqueur-Orange-Cerise-Piment.png",500,500,false]},"jetpack_featured_media_url":"https:\/\/cognac-raby.com\/wp-content\/uploads\/2021\/04\/Liqueur-Orange-Cerise-Piment.png","_links":{"self":[{"href":"https:\/\/cognac-raby.com\/en\/wp-json\/wp\/v2\/posts\/31634","targetHints":{"allow":["GET"]}}],"collection":[{"href":"https:\/\/cognac-raby.com\/en\/wp-json\/wp\/v2\/posts"}],"about":[{"href":"https:\/\/cognac-raby.com\/en\/wp-json\/wp\/v2\/types\/post"}],"author":[{"embeddable":true,"href":"https:\/\/cognac-raby.com\/en\/wp-json\/wp\/v2\/users\/3"}],"replies":[{"embeddable":true,"href":"https:\/\/cognac-raby.com\/en\/wp-json\/wp\/v2\/comments?post=31634"}],"version-history":[{"count":2,"href":"https:\/\/cognac-raby.com\/en\/wp-json\/wp\/v2\/posts\/31634\/revisions"}],"predecessor-version":[{"id":31636,"href":"https:\/\/cognac-raby.com\/en\/wp-json\/wp\/v2\/posts\/31634\/revisions\/31636"}],"wp:featuredmedia":[{"embeddable":true,"href":"https:\/\/cognac-raby.com\/en\/wp-json\/wp\/v2\/media\/31285"}],"wp:attachment":[{"href":"https:\/\/cognac-raby.com\/en\/wp-json\/wp\/v2\/media?parent=31634"}],"wp:term":[{"taxonomy":"category","embeddable":true,"href":"https:\/\/cognac-raby.com\/en\/wp-json\/wp\/v2\/categories?post=31634"},{"taxonomy":"post_tag","embeddable":true,"href":"https:\/\/cognac-raby.com\/en\/wp-json\/wp\/v2\/tags?post=31634"}],"curies":[{"name":"wp","href":"https:\/\/api.w.org\/{rel}","templated":true}]}}